{"id":9042,"date":"2026-03-26T11:07:02","date_gmt":"2026-03-26T11:07:02","guid":{"rendered":"https:\/\/flexlifting.girafdev.com\/promat-2025-where-supply-chain-solutions-come-together\/"},"modified":"2026-08-31T11:37:47","modified_gmt":"2026-08-31T11:37:47","slug":"promat-2025-where-supply-chain-solutions-come-together","status":"publish","type":"post","link":"https:\/\/flexlifting.girafdev.com\/fr\/promat-2025-where-supply-chain-solutions-come-together\/","title":{"rendered":"Promat 2025 \u2013 Where Supply Chain Solutions Come Together"},"content":{"rendered":"\t\t<div data-elementor-type=\"wp-post\" data-elementor-id=\"9042\" class=\"elementor elementor-9042 elementor-294\" data-elementor-post-type=\"post\">\n\t\t\t\t<div class=\"elementor-element elementor-element-11b4d28 e-flex e-con-boxed e-con e-parent\" data-id=\"11b4d28\" data-element_type=\"container\" data-e-type=\"container\">\n\t\t\t\t\t<div class=\"e-con-inner\">\n\t\t\t\t<div class=\"elementor-element elementor-element-dd32d08 elementor-widget elementor-widget-text-editor\" data-id=\"dd32d08\" data-element_type=\"widget\" data-e-type=\"widget\" data-widget_type=\"text-editor.default\">\n\t\t\t\t\t\t\t\t\t<p><strong>Nous serons pr\u00e9sents !<\/strong><\/p>\n<p>R\u00e9servez la date de cet important \u00e9v\u00e9nement international qui aura lieu \u00e0 Chicago et venez nous rendre visite sur notre <strong>stand S1713.<\/strong><\/p>\n\t\t\t\t\t\t\t\t<\/div>\n\t\t\t\t\t<\/div>\n\t\t\t\t<\/div>\n\t\t\t\t<\/div>\n\t\t","protected":false},"excerpt":{"rendered":"<p>Le gru Flexlifting al Biemh 2022. La fiera si svolger\u00e0 a Bilbao in Spagna dal 13 al 17 giugno 2022.<\/p>\n","protected":false},"author":1,"featured_media":9029,"comment_status":"open","ping_status":"open","sticky":false,"template":"","format":"standard","meta":{"_acf_changed":false,"footnotes":""},"categories":[832],"tags":[],"class_list":["post-9042","post","type-post","status-publish","format-standard","has-post-thumbnail","hentry","category-evenements"],"acf":[],"_links":{"self":[{"href":"https:\/\/flexlifting.girafdev.com\/fr\/wp-json\/wp\/v2\/posts\/9042","targetHints":{"allow":["GET"]}}],"collection":[{"href":"https:\/\/flexlifting.girafdev.com\/fr\/wp-json\/wp\/v2\/posts"}],"about":[{"href":"https:\/\/flexlifting.girafdev.com\/fr\/wp-json\/wp\/v2\/types\/post"}],"author":[{"embeddable":true,"href":"https:\/\/flexlifting.girafdev.com\/fr\/wp-json\/wp\/v2\/users\/1"}],"replies":[{"embeddable":true,"href":"https:\/\/flexlifting.girafdev.com\/fr\/wp-json\/wp\/v2\/comments?post=9042"}],"version-history":[{"count":1,"href":"https:\/\/flexlifting.girafdev.com\/fr\/wp-json\/wp\/v2\/posts\/9042\/revisions"}],"predecessor-version":[{"id":9043,"href":"https:\/\/flexlifting.girafdev.com\/fr\/wp-json\/wp\/v2\/posts\/9042\/revisions\/9043"}],"wp:featuredmedia":[{"embeddable":true,"href":"https:\/\/flexlifting.girafdev.com\/fr\/wp-json\/wp\/v2\/media\/9029"}],"wp:attachment":[{"href":"https:\/\/flexlifting.girafdev.com\/fr\/wp-json\/wp\/v2\/media?parent=9042"}],"wp:term":[{"taxonomy":"category","embeddable":true,"href":"https:\/\/flexlifting.girafdev.com\/fr\/wp-json\/wp\/v2\/categories?post=9042"},{"taxonomy":"post_tag","embeddable":true,"href":"https:\/\/flexlifting.girafdev.com\/fr\/wp-json\/wp\/v2\/tags?post=9042"}],"curies":[{"name":"wp","href":"https:\/\/api.w.org\/{rel}","templated":true}]}}