{"id":9051,"date":"2026-03-26T11:04:36","date_gmt":"2026-03-26T11:04:36","guid":{"rendered":"https:\/\/flexlifting.girafdev.com\/logimat-2025-salon-international-des-solutions-intralogistiques-et-de-la-gestion-des-processus\/"},"modified":"2026-08-31T11:40:29","modified_gmt":"2026-08-31T11:40:29","slug":"logimat-2025-salon-international-des-solutions-intralogistiques-et-de-la-gestion-des-processus","status":"publish","type":"post","link":"https:\/\/flexlifting.girafdev.com\/fr\/logimat-2025-salon-international-des-solutions-intralogistiques-et-de-la-gestion-des-processus\/","title":{"rendered":"LogiMAT 2025 \u2013 Salon international des solutions intralogistiques et de la gestion des processus"},"content":{"rendered":"\t\t<div data-elementor-type=\"wp-post\" data-elementor-id=\"9051\" class=\"elementor elementor-9051 elementor-291\" data-elementor-post-type=\"post\">\n\t\t\t\t<div class=\"elementor-element elementor-element-53282ce e-flex e-con-boxed e-con e-parent\" data-id=\"53282ce\" data-element_type=\"container\" data-e-type=\"container\">\n\t\t\t\t\t<div class=\"e-con-inner\">\n\t\t\t\t<div class=\"elementor-element elementor-element-69154e6 elementor-widget elementor-widget-text-editor\" data-id=\"69154e6\" data-element_type=\"widget\" data-e-type=\"widget\" data-widget_type=\"text-editor.default\">\n\t\t\t\t\t\t\t\t\t<p><strong>Flex Lifting : l\u2019innovation \u00e0 LogiMAT 2025<\/strong><\/p>\n<p>Lors de cette importante foire internationale qui se tiendra historiquement \u00e0 Stuttgart, nous pr\u00e9senterons le restyling de la nouvelle gamme et le lancement des nouveaux mod\u00e8les pour 2025.<\/p>\n<p>Des solutions personnalis\u00e9es, une technologie de pointe et un design compact pour r\u00e9pondre \u00e0 tous vos besoins.<\/p>\n\t\t\t\t\t\t\t\t<\/div>\n\t\t\t\t\t<\/div>\n\t\t\t\t<\/div>\n\t\t\t\t<\/div>\n\t\t","protected":false},"excerpt":{"rendered":"<p>Le gru Flexlifting al Biemh 2022. La fiera si svolger\u00e0 a Bilbao in Spagna dal 13 al 17 giugno 2022.<\/p>\n","protected":false},"author":1,"featured_media":9045,"comment_status":"open","ping_status":"open","sticky":false,"template":"","format":"standard","meta":{"_acf_changed":false,"footnotes":""},"categories":[832],"tags":[],"class_list":["post-9051","post","type-post","status-publish","format-standard","has-post-thumbnail","hentry","category-evenements"],"acf":[],"_links":{"self":[{"href":"https:\/\/flexlifting.girafdev.com\/fr\/wp-json\/wp\/v2\/posts\/9051","targetHints":{"allow":["GET"]}}],"collection":[{"href":"https:\/\/flexlifting.girafdev.com\/fr\/wp-json\/wp\/v2\/posts"}],"about":[{"href":"https:\/\/flexlifting.girafdev.com\/fr\/wp-json\/wp\/v2\/types\/post"}],"author":[{"embeddable":true,"href":"https:\/\/flexlifting.girafdev.com\/fr\/wp-json\/wp\/v2\/users\/1"}],"replies":[{"embeddable":true,"href":"https:\/\/flexlifting.girafdev.com\/fr\/wp-json\/wp\/v2\/comments?post=9051"}],"version-history":[{"count":1,"href":"https:\/\/flexlifting.girafdev.com\/fr\/wp-json\/wp\/v2\/posts\/9051\/revisions"}],"predecessor-version":[{"id":9052,"href":"https:\/\/flexlifting.girafdev.com\/fr\/wp-json\/wp\/v2\/posts\/9051\/revisions\/9052"}],"wp:featuredmedia":[{"embeddable":true,"href":"https:\/\/flexlifting.girafdev.com\/fr\/wp-json\/wp\/v2\/media\/9045"}],"wp:attachment":[{"href":"https:\/\/flexlifting.girafdev.com\/fr\/wp-json\/wp\/v2\/media?parent=9051"}],"wp:term":[{"taxonomy":"category","embeddable":true,"href":"https:\/\/flexlifting.girafdev.com\/fr\/wp-json\/wp\/v2\/categories?post=9051"},{"taxonomy":"post_tag","embeddable":true,"href":"https:\/\/flexlifting.girafdev.com\/fr\/wp-json\/wp\/v2\/tags?post=9051"}],"curies":[{"name":"wp","href":"https:\/\/api.w.org\/{rel}","templated":true}]}}